{"id":677,"date":"2018-02-13T17:17:11","date_gmt":"2018-02-13T16:17:11","guid":{"rendered":"https:\/\/dev.afcno.org\/?p=677"},"modified":"2024-03-27T17:30:41","modified_gmt":"2024-03-27T16:30:41","slug":"la-francophonie-sportive-se-retrouve-aux-jeux-olympiques-de-pyeongchang-2018","status":"publish","type":"post","link":"https:\/\/afcno.org\/index.php\/2018\/02\/13\/la-francophonie-sportive-se-retrouve-aux-jeux-olympiques-de-pyeongchang-2018\/","title":{"rendered":"La Francophonie sportive se retrouve aux Jeux Olympiques de PyeongChang 2018"},"content":{"rendered":"\n<p class=\"justifier\"><strong>D\u00e8s le lendemain de la c\u00e9r\u00e9monie d\u2019ouverture des&nbsp;<\/strong><a href=\"https:\/\/www.pyeongchang2018.com\/fr\/\"><strong>Jeux Olympiques d\u2019hiver 2018<\/strong><\/a><strong>, \u00e0 PyeongChang en Cor\u00e9e du Sud, la journ\u00e9e du samedi 10 f\u00e9vrier a \u00e9t\u00e9 plac\u00e9e sous le signe de la Francophonie. La pr\u00e9sence &nbsp;aux Jeux de la Secr\u00e9taire G\u00e9n\u00e9rale de l\u2019<\/strong><a href=\"https:\/\/www.francophonie.org\/pyeongchang2018\"><strong>Organisation Internationale de la Francophonie<\/strong><\/a><strong>&nbsp;(OIF), Micha\u00eblle Jean, ainsi que du Grand T\u00e9moin de la Francophonie, Fleur Pellerin, a \u00e9t\u00e9 l\u2019occasion de se r\u00e9unir &nbsp;pour aborder les sujets qui nous rassemblent&nbsp;: la promotion de la langue fran\u00e7aise en premier lieu, mais \u00e9galement celle de nos valeurs communes\u2026<\/strong><\/p>\n\n\n\n<p class=\"has-text-align-center\"><em><strong>Visite du village olympique avec l\u2019OIF&nbsp;: assurer l\u2019accessibilit\u00e9 des services linguistiques en fran\u00e7ais<\/strong><\/em><\/p>\n\n\n\n<p class=\"justifier\">La journ\u00e9e a d\u2019abord commenc\u00e9 par une visite du village olympique afin de constater, entre autres, que les services linguistiques en fran\u00e7ais sont disponibles et accessibles \u00e0 tous. En effet, la venue &nbsp;de la Secr\u00e9taire G\u00e9n\u00e9rale et du Grand T\u00e9moin a pour principal objectif de s\u2019assurer &nbsp;que l\u2019article 23 de la Charte olympique, en vertu duquel le fran\u00e7ais est une langue officielle du CIO, est bien respect\u00e9. De nombreux interpr\u00e8tes et traducteurs professionnels, mais \u00e9galement des volontaires cor\u00e9ens francophones assurent donc l\u2019interpr\u00e9tation pour les athl\u00e8tes, la presse, et le public. Cette ann\u00e9e, de jeunes reporters francophones venus du S\u00e9n\u00e9gal, du Vietnam, du Cambodge et de la Nouvelle-Cal\u00e9donie couvrent pour la premi\u00e8re fois l\u2019\u00e9v\u00e9nement.<\/p>\n\n\n\n<p class=\"has-text-align-center\"><em><strong>D\u00e9jeuner des amis de la Francophonie au Club France&nbsp;: renforcer la coop\u00e9ration francophone<\/strong><\/em><\/p>\n\n\n\n<p class=\"justifier\">La journ\u00e9e s\u2019est poursuivie au Club France, autour d\u2019un d\u00e9jeuner organis\u00e9 par l\u2019AFCNO, repr\u00e9sent\u00e9e par l\u2019h\u00f4te de ce rendez-vous, M.&nbsp;<strong>Denis Masseglia<\/strong>, Pr\u00e9sident du CNOSF et Secr\u00e9taire G\u00e9n\u00e9ral de l\u2019association. Pr\u00e9sidents et secr\u00e9taires g\u00e9n\u00e9raux de CNO francophones, OIF\u2026 les amis de la Francophonie \u00e9taient nombreux autour de la table, et c\u2019est avec plaisir que nous avons eu l\u2019honneur de compter parmi nous des membres francophones du CIO&nbsp;:&nbsp;<strong>S.A.S. le Prince Souverain Albert II&nbsp;<\/strong>, \u00e9galement pr\u00e9sident du CNO de Monaco, ou encore&nbsp;<strong>Jean-Christophe Rolland<\/strong>, pr\u00e9sident de la F\u00e9d\u00e9ration Internationale des Soci\u00e9t\u00e9s d\u2019Aviron.<\/p>\n\n\n\n<p class=\"justifier\">Ce d\u00e9jeuner a \u00e9t\u00e9 l\u2019occasion d\u2019\u00e9changer sur les sujets au c\u0153ur de la Francophonie sportive et olympique, sur la promotion de la langue fran\u00e7aise, et la poursuite de nos projets communs.<\/p>\n\n\n\n<figure class=\"wp-block-image size-large\"><img fetchpriority=\"high\" decoding=\"async\" width=\"1024\" height=\"683\" src=\"https:\/\/dev.afcno.org\/wp-content\/uploads\/2023\/10\/PH1_1409-1024x683.jpg\" alt=\"\" class=\"wp-image-679\" srcset=\"https:\/\/afcno.org\/wp-content\/uploads\/2023\/10\/PH1_1409-1024x683.jpg 1024w, https:\/\/afcno.org\/wp-content\/uploads\/2023\/10\/PH1_1409-300x200.jpg 300w, https:\/\/afcno.org\/wp-content\/uploads\/2023\/10\/PH1_1409-768x512.jpg 768w, https:\/\/afcno.org\/wp-content\/uploads\/2023\/10\/PH1_1409-1536x1024.jpg 1536w, https:\/\/afcno.org\/wp-content\/uploads\/2023\/10\/PH1_1409-2048x1365.jpg 2048w, https:\/\/afcno.org\/wp-content\/uploads\/2023\/10\/PH1_1409-930x620.jpg 930w\" sizes=\"(max-width: 1024px) 100vw, 1024px\" \/><\/figure>\n\n\n\n<p class=\"has-text-align-center has-small-font-size\"><em>De gauche \u00e0 droite&nbsp;: Fr\u00e9d\u00e9ric Favre, conseiller d\u2019Etat valaisan et vice-pr\u00e9sident de Sion 2026&nbsp;; Jean-Christophe Rolland, pr\u00e9sident de la FISA et membre du CIO&nbsp;; Bernard Lapasset, pr\u00e9sident d\u2019honneur de Paris 2024&nbsp;; Fleur Pellerin&nbsp;;&nbsp; le Prince Souverain Albert II, pr\u00e9sident du CNO de Monaco et membre du CIO&nbsp;; Micha\u00eblle Jean&nbsp;; Denis Masseglia, pr\u00e9sident du CNOSF&nbsp;; Jaume Mart\u00ed Mandic\u00f3, pr\u00e9sident du CNO d\u2019Andorre&nbsp;; et Jean-Michel Brun, secr\u00e9taire g\u00e9n\u00e9ral du CNOSF.<\/em><\/p>\n\n\n\n<p class=\"has-text-align-center\"><strong>R\u00e9ception \u00e0 la Maison Suisse&nbsp;: honorer la culture francophone<\/strong><\/p>\n\n\n\n<p class=\"justifier\">\u00ab<em>&nbsp;Qu\u2019il est bon d\u2019\u00eatre ensemble&nbsp;<\/em>\u00bb tels furent les mots prononc\u00e9s par Micha\u00eblle Jean pour cl\u00f4turer cette belle journ\u00e9e, dans le cadre d\u2019une r\u00e9ception francophone co-pr\u00e9sid\u00e9e par la Secr\u00e9taire G\u00e9n\u00e9rale et le Pr\u00e9sident de la Conf\u00e9d\u00e9ration helv\u00e9tique,&nbsp;<strong>Alain Berset,<\/strong>&nbsp;\u00e0 la Maison Suisse.<\/p>\n\n\n\n<p class=\"justifier\">Denis Masseglia a profit\u00e9 de ce moment convivial entre francophones pour c\u00e9l\u00e9brer l\u2019attribution des&nbsp;<a href=\"http:\/\/www.paris2024.org\/fr\"><strong>Jeux Olympiques de 2024<\/strong><\/a>&nbsp;\u00e0 la ville de Paris, et pour manifester son soutien \u00e0 la candidature de&nbsp;<a href=\"https:\/\/sion2026.ch\/fr_CH\"><strong>Sion 2026.<\/strong><\/a><\/p>\n\n\n\n<p class=\"justifier\">Fleur Pellerin, ancienne ministre fran\u00e7aise de la culture, et Grand T\u00e9moin de la Francophonie pour cette \u00e9dition olympique a tenu \u00e0 remercier tous les acteurs qui font fait de la d\u00e9fense de la langue fran\u00e7aise un enjeu majeur des Jeux Olympiques. Elle a par ailleurs insist\u00e9 sur le fait que la promotion de la diversit\u00e9 linguistique devait n\u00e9cessairement s\u2019accompagner de la promotion de la diversit\u00e9 culturelle.<\/p>\n\n\n\n<p class=\"justifier\">Et la culture francophone a bien \u00e9t\u00e9 mise \u00e0 l\u2019honneur lors de cette soir\u00e9e, o\u00f9 l\u2019on a pu \u00e9couter&nbsp;<a href=\"https:\/\/www.jeux.francophonie.org\/laureats\/portraits\/fayar\"><strong>Fanie Fayar<\/strong><\/a>, chanteuse congolaise et laur\u00e9ate des Jeux de la Francophonie d\u2019Abidjan en 2017, ainsi que l\u2019artiste fran\u00e7ais&nbsp;<a href=\"http:\/\/vianney-musique.com\/\"><strong>Vianney<\/strong><\/a>.<\/p>\n\n\n\n<figure class=\"wp-block-image size-large\"><img decoding=\"async\" width=\"1024\" height=\"464\" src=\"https:\/\/dev.afcno.org\/wp-content\/uploads\/2023\/10\/fv-1024x464.png\" alt=\"\" class=\"wp-image-680\" srcset=\"https:\/\/afcno.org\/wp-content\/uploads\/2023\/10\/fv-1024x464.png 1024w, https:\/\/afcno.org\/wp-content\/uploads\/2023\/10\/fv-300x136.png 300w, https:\/\/afcno.org\/wp-content\/uploads\/2023\/10\/fv-768x348.png 768w, https:\/\/afcno.org\/wp-content\/uploads\/2023\/10\/fv.png 1128w\" sizes=\"(max-width: 1024px) 100vw, 1024px\" \/><\/figure>\n\n\n\n<p><em>Fanie Fayar chante au Club France<\/em>&nbsp; &nbsp; &nbsp; &nbsp; &nbsp; &nbsp; &nbsp; &nbsp; &nbsp; &nbsp; &nbsp; &nbsp; &nbsp; &nbsp; &nbsp; &nbsp; &nbsp; &nbsp; &nbsp; &nbsp; &nbsp; &nbsp; &nbsp; &nbsp; &nbsp; &nbsp; &nbsp; &nbsp;<em>Vianney \u00e0 la Maison Suisse<\/em><\/p>\n\n\n\n<p class=\"justifier\"><strong>Cette journ\u00e9e, plac\u00e9e sous le signe de la francophonie, a \u00e9t\u00e9 bien remplie, riche en \u00e9changes et en partage. C\u2019est avec satisfaction que nous avons pu voir les moyens d\u00e9ploy\u00e9s par le CIO, le Comit\u00e9 d\u2019organisation, ainsi que l\u2019OIF, pour que les services linguistiques soient accessibles en fran\u00e7ais, afin de faire de ces Jeux un \u00e9v\u00e9nement extraordinaire pour les Francophones venus en nombre. Nous avons constat\u00e9 \u00e9galement avec plaisir que la coop\u00e9ration sportive et olympique francophone a encore de beaux jours devant elle, et que l\u2019engouement autour d\u2019elle est bel et bien pr\u00e9sent. Rendez-vous maintenant \u00e0 la c\u00e9r\u00e9monie de cl\u00f4ture pour c\u00e9l\u00e9brer les victoires des athl\u00e8tes francophones, et d\u2019ici l\u00e0, nous ne manquerons pas de les encourager&nbsp;!<\/strong><\/p>\n","protected":false},"excerpt":{"rendered":"<p>D\u00e8s le lendemain de la c\u00e9r\u00e9monie d\u2019ouverture des&nbsp;Jeux Olympiques d\u2019hiver 2018, \u00e0 PyeongChang en Cor\u00e9e du Sud, la journ\u00e9e du samedi 10 f\u00e9vrier a \u00e9t\u00e9 plac\u00e9e sous le signe de la Francophonie. La pr\u00e9sence &nbsp;aux Jeux de la Secr\u00e9taire G\u00e9n\u00e9rale de l\u2019Organisation Internationale de la Francophonie&nbsp;(OIF), Micha\u00eblle Jean, ainsi que du Grand T\u00e9moin de la&hellip;&nbsp;<a href=\"https:\/\/afcno.org\/index.php\/2018\/02\/13\/la-francophonie-sportive-se-retrouve-aux-jeux-olympiques-de-pyeongchang-2018\/\" rel=\"bookmark\">Lire la suite &raquo;<span class=\"screen-reader-text\">La Francophonie sportive se retrouve aux Jeux Olympiques de PyeongChang 2018<\/span><\/a><\/p>\n","protected":false},"author":1,"featured_media":681,"comment_status":"closed","ping_status":"closed","sticky":false,"template":"","format":"standard","meta":{"neve_meta_sidebar":"","neve_meta_container":"","neve_meta_enable_content_width":"","neve_meta_content_width":0,"neve_meta_title_alignment":"","neve_meta_author_avatar":"","neve_post_elements_order":"","neve_meta_disable_header":"","neve_meta_disable_footer":"","neve_meta_disable_title":"","footnotes":""},"categories":[1],"tags":[],"class_list":["post-677","post","type-post","status-publish","format-standard","has-post-thumbnail","hentry","category-non-classe"],"_links":{"self":[{"href":"https:\/\/afcno.org\/index.php\/wp-json\/wp\/v2\/posts\/677","targetHints":{"allow":["GET"]}}],"collection":[{"href":"https:\/\/afcno.org\/index.php\/wp-json\/wp\/v2\/posts"}],"about":[{"href":"https:\/\/afcno.org\/index.php\/wp-json\/wp\/v2\/types\/post"}],"author":[{"embeddable":true,"href":"https:\/\/afcno.org\/index.php\/wp-json\/wp\/v2\/users\/1"}],"replies":[{"embeddable":true,"href":"https:\/\/afcno.org\/index.php\/wp-json\/wp\/v2\/comments?post=677"}],"version-history":[{"count":2,"href":"https:\/\/afcno.org\/index.php\/wp-json\/wp\/v2\/posts\/677\/revisions"}],"predecessor-version":[{"id":1081,"href":"https:\/\/afcno.org\/index.php\/wp-json\/wp\/v2\/posts\/677\/revisions\/1081"}],"wp:featuredmedia":[{"embeddable":true,"href":"https:\/\/afcno.org\/index.php\/wp-json\/wp\/v2\/media\/681"}],"wp:attachment":[{"href":"https:\/\/afcno.org\/index.php\/wp-json\/wp\/v2\/media?parent=677"}],"wp:term":[{"taxonomy":"category","embeddable":true,"href":"https:\/\/afcno.org\/index.php\/wp-json\/wp\/v2\/categories?post=677"},{"taxonomy":"post_tag","embeddable":true,"href":"https:\/\/afcno.org\/index.php\/wp-json\/wp\/v2\/tags?post=677"}],"curies":[{"name":"wp","href":"https:\/\/api.w.org\/{rel}","templated":true}]}}